{"id":732,"date":"2019-09-20T00:06:42","date_gmt":"2019-09-19T22:06:42","guid":{"rendered":"https:\/\/www.dichecibo6magazine.it\/essenza\/"},"modified":"2019-09-23T00:27:08","modified_gmt":"2019-09-22T22:27:08","slug":"essence","status":"publish","type":"post","link":"https:\/\/www.dichecibo6magazine.it\/en\/essence\/","title":{"rendered":"Essence"},"content":{"rendered":"\t\t<div data-elementor-type=\"wp-post\" data-elementor-id=\"732\" class=\"elementor elementor-732\">\n\t\t\t\t\t\t<section class=\"elementor-section elementor-top-section elementor-element elementor-element-7d927b0d elementor-section-boxed elementor-section-height-default elementor-section-height-default\" data-id=\"7d927b0d\" data-element_type=\"section\" data-e-type=\"section\">\n\t\t\t\t\t\t<div class=\"elementor-container elementor-column-gap-default\">\n\t\t\t\t\t<div class=\"elementor-column elementor-col-100 elementor-top-column elementor-element elementor-element-5d9dcdc9\" data-id=\"5d9dcdc9\" data-element_type=\"column\" data-e-type=\"column\">\n\t\t\t<div class=\"elementor-widget-wrap elementor-element-populated\">\n\t\t\t\t\t\t<div class=\"elementor-element elementor-element-55c6778e elementor-widget elementor-widget-text-editor\" data-id=\"55c6778e\" data-element_type=\"widget\" data-e-type=\"widget\" data-widget_type=\"text-editor.default\">\n\t\t\t\t<div class=\"elementor-widget-container\">\n\t\t\t\t\t\t\t\t\t<em>The earth burns &#8211;<br>\nWe are gutting her roots.<br>\nThe earth we are destroying-<br>\nus &#8211; her enemies.<\/em><br><br>\n\n<em>The earth &#8211; the one we have<\/em><br>\n<em>received as a gift &#8211; and to no other<\/em><br>\n<em>leave.<\/em><br><br>\n\n<em>The earth &#8211; we must save her &#8211;<\/em><br>\n<em>Hell is down here!<\/em><br><br>\n\nWhat will become of us after we finish covering in cement every corner of her?<br>\nWhat will happen to the sky after the black cloud of smog prevents us from looking at the stars?<br>\nAnd the moon? What will happen to the moon when our children no longer raise their heads to look at it, making them believe that it does not bring good luck?<br>\nAnd the breath? What will become of our &#8211; their &#8211; breath, after we have cut the last tree, too?<br>\nWhat will become of the springs, after we have torn every flower and burned every lawn?<br><br>\n\nPeople run; stopping to ask questions is frightening.<br>\nWhen asked &#8220;WHAT FOOD ARE YOU&#8221;,<br>\nin the walls of my mind and the spaces of my eyes, I saw all this, and the colours fainted, and my pains occupied me.<br><br>\n\nWe need to tell our children that fruit grows on trees and not in supermarkets. They must learn that they should take care of flowers, and not tear them off to buy them. They and the earth must become friends; within their souls, paradises must grow.<br><br>\n\nThey must taste the flavour of the rain and smell the wind; we must leave them out of glass bells. They must feel the snow that burns their hands and must be capable\nto recognise the cold of an unmoved sun of those who have no tomorrow.<br><br>\n\nAnd run free, from the green peaks &#8211; go down into the valley; they must drink the water of pure rivers,\nsprinkle their hair and their forehead with the dew in the early morning.<br><br>\n\nAnd we, those who sit on well-adorned tables, those with coordinated tablecloths, cutlery and thoughts, must remember that:<br><br>\n\n<em>Of the wine<br>\nwe need to be<br>\nthe bunch of grapes&#8230;<\/em><br><br>\n\n<em>The hands of the farmer<br>\nof the earth<br>\ntaking care.<\/em>\t\t\t\t\t\t\t\t<\/div>\n\t\t\t\t<\/div>\n\t\t\t\t\t<\/div>\n\t\t<\/div>\n\t\t\t\t\t<\/div>\n\t\t<\/section>\n\t\t\t\t<\/div>\n\t\t","protected":false},"excerpt":{"rendered":"<p>La terra brucia &#8211; stiamo sventrando le sue radici. La terra la stiamo distruggendo &#8211; noi &#8211; i suoi nemici. La terra &#8211; quella che abbiamo avuto in dono &#8211; e a nessun altro lasceremo. La terra &#8211;&nbsp; bisogna salvarla &#8211; \u00c8 qua gi\u00f9 l&#8217;inferno! Che ne sar\u00e0 dopo che avremo finito di gettare cemento [&hellip;]<\/p>\n","protected":false},"author":14,"featured_media":574,"comment_status":"closed","ping_status":"open","sticky":false,"template":"","format":"standard","meta":{"_exactmetrics_skip_tracking":false,"_exactmetrics_sitenote_active":false,"_exactmetrics_sitenote_note":"","_exactmetrics_sitenote_category":0,"footnotes":""},"categories":[35],"tags":[],"coauthors":[55],"class_list":["post-732","post","type-post","status-publish","format-standard","has-post-thumbnail","hentry","category-in-vino-veritas-english"],"yoast_head":"<!-- This site is optimized with the Yoast SEO plugin v27.5 - https:\/\/yoast.com\/product\/yoast-seo-wordpress\/ -->\n<title>Essence - Magazine Dichecibo6.it<\/title>\n<meta name=\"robots\" content=\"index, follow, max-snippet:-1, max-image-preview:large, max-video-preview:-1\" \/>\n<link rel=\"canonical\" href=\"https:\/\/www.dichecibo6magazine.it\/en\/essence\/\" \/>\n<meta property=\"og:locale\" content=\"en_US\" \/>\n<meta property=\"og:type\" content=\"article\" \/>\n<meta property=\"og:title\" content=\"Essence - Magazine Dichecibo6.it\" \/>\n<meta property=\"og:description\" content=\"La terra brucia &#8211; stiamo sventrando le sue radici. La terra la stiamo distruggendo &#8211; noi &#8211; i suoi nemici. La terra &#8211; quella che abbiamo avuto in dono &#8211; e a nessun altro lasceremo. La terra &#8211;&nbsp; bisogna salvarla &#8211; \u00c8 qua gi\u00f9 l&#8217;inferno! Che ne sar\u00e0 dopo che avremo finito di gettare cemento [&hellip;]\" \/>\n<meta property=\"og:url\" content=\"https:\/\/www.dichecibo6magazine.it\/en\/essence\/\" \/>\n<meta property=\"og:site_name\" content=\"Magazine Dichecibo6.it\" \/>\n<meta property=\"article:published_time\" content=\"2019-09-19T22:06:42+00:00\" \/>\n<meta property=\"article:modified_time\" content=\"2019-09-22T22:27:08+00:00\" \/>\n<meta property=\"og:image\" content=\"https:\/\/www.dichecibo6magazine.it\/wp-content\/uploads\/2019\/09\/essenza-dichecibo6-denata-ndreca-grape-whatfoodru.jpg\" \/>\n\t<meta property=\"og:image:width\" content=\"689\" \/>\n\t<meta property=\"og:image:height\" content=\"1024\" \/>\n\t<meta property=\"og:image:type\" content=\"image\/jpeg\" \/>\n<meta name=\"author\" content=\"Denata Ndreca\" \/>\n<meta name=\"twitter:card\" content=\"summary_large_image\" \/>\n<meta name=\"twitter:label1\" content=\"Written by\" \/>\n\t<meta name=\"twitter:data1\" content=\"Denata Ndreca\" \/>\n\t<meta name=\"twitter:label2\" content=\"Est. reading time\" \/>\n\t<meta name=\"twitter:data2\" content=\"2 minutes\" \/>\n<!-- \/ Yoast SEO plugin. -->","yoast_head_json":{"title":"Essence - Magazine Dichecibo6.it","robots":{"index":"index","follow":"follow","max-snippet":"max-snippet:-1","max-image-preview":"max-image-preview:large","max-video-preview":"max-video-preview:-1"},"canonical":"https:\/\/www.dichecibo6magazine.it\/en\/essence\/","og_locale":"en_US","og_type":"article","og_title":"Essence - Magazine Dichecibo6.it","og_description":"La terra brucia &#8211; stiamo sventrando le sue radici. La terra la stiamo distruggendo &#8211; noi &#8211; i suoi nemici. La terra &#8211; quella che abbiamo avuto in dono &#8211; e a nessun altro lasceremo. La terra &#8211;&nbsp; bisogna salvarla &#8211; \u00c8 qua gi\u00f9 l&#8217;inferno! Che ne sar\u00e0 dopo che avremo finito di gettare cemento [&hellip;]","og_url":"https:\/\/www.dichecibo6magazine.it\/en\/essence\/","og_site_name":"Magazine Dichecibo6.it","article_published_time":"2019-09-19T22:06:42+00:00","article_modified_time":"2019-09-22T22:27:08+00:00","og_image":[{"width":689,"height":1024,"url":"https:\/\/www.dichecibo6magazine.it\/wp-content\/uploads\/2019\/09\/essenza-dichecibo6-denata-ndreca-grape-whatfoodru.jpg","type":"image\/jpeg"}],"author":"Denata Ndreca","twitter_card":"summary_large_image","twitter_misc":{"Written by":"Denata Ndreca","Est. reading time":"2 minutes"},"schema":{"@context":"https:\/\/schema.org","@graph":[{"@type":"Article","@id":"https:\/\/www.dichecibo6magazine.it\/en\/essence\/#article","isPartOf":{"@id":"https:\/\/www.dichecibo6magazine.it\/en\/essence\/"},"author":{"name":"Denata Ndreca","@id":"https:\/\/www.dichecibo6magazine.it\/#\/schema\/person\/00d30f022894e11c2185ec614cb4761f"},"headline":"Essence","datePublished":"2019-09-19T22:06:42+00:00","dateModified":"2019-09-22T22:27:08+00:00","mainEntityOfPage":{"@id":"https:\/\/www.dichecibo6magazine.it\/en\/essence\/"},"wordCount":344,"publisher":{"@id":"https:\/\/www.dichecibo6magazine.it\/#organization"},"image":{"@id":"https:\/\/www.dichecibo6magazine.it\/en\/essence\/#primaryimage"},"thumbnailUrl":"https:\/\/www.dichecibo6magazine.it\/wp-content\/uploads\/2019\/09\/essenza-dichecibo6-denata-ndreca-grape-whatfoodru.jpg","articleSection":["In Vino Veritas english"],"inLanguage":"en-US"},{"@type":"WebPage","@id":"https:\/\/www.dichecibo6magazine.it\/en\/essence\/","url":"https:\/\/www.dichecibo6magazine.it\/en\/essence\/","name":"Essence - Magazine Dichecibo6.it","isPartOf":{"@id":"https:\/\/www.dichecibo6magazine.it\/#website"},"primaryImageOfPage":{"@id":"https:\/\/www.dichecibo6magazine.it\/en\/essence\/#primaryimage"},"image":{"@id":"https:\/\/www.dichecibo6magazine.it\/en\/essence\/#primaryimage"},"thumbnailUrl":"https:\/\/www.dichecibo6magazine.it\/wp-content\/uploads\/2019\/09\/essenza-dichecibo6-denata-ndreca-grape-whatfoodru.jpg","datePublished":"2019-09-19T22:06:42+00:00","dateModified":"2019-09-22T22:27:08+00:00","breadcrumb":{"@id":"https:\/\/www.dichecibo6magazine.it\/en\/essence\/#breadcrumb"},"inLanguage":"en-US","potentialAction":[{"@type":"ReadAction","target":["https:\/\/www.dichecibo6magazine.it\/en\/essence\/"]}]},{"@type":"ImageObject","inLanguage":"en-US","@id":"https:\/\/www.dichecibo6magazine.it\/en\/essence\/#primaryimage","url":"https:\/\/www.dichecibo6magazine.it\/wp-content\/uploads\/2019\/09\/essenza-dichecibo6-denata-ndreca-grape-whatfoodru.jpg","contentUrl":"https:\/\/www.dichecibo6magazine.it\/wp-content\/uploads\/2019\/09\/essenza-dichecibo6-denata-ndreca-grape-whatfoodru.jpg","width":689,"height":1024},{"@type":"BreadcrumbList","@id":"https:\/\/www.dichecibo6magazine.it\/en\/essence\/#breadcrumb","itemListElement":[{"@type":"ListItem","position":1,"name":"Home","item":"https:\/\/www.dichecibo6magazine.it\/"},{"@type":"ListItem","position":2,"name":"Essence"}]},{"@type":"WebSite","@id":"https:\/\/www.dichecibo6magazine.it\/#website","url":"https:\/\/www.dichecibo6magazine.it\/","name":"Magazine Dichecibo6.it","description":"dove il cervello si lecca i baffi!","publisher":{"@id":"https:\/\/www.dichecibo6magazine.it\/#organization"},"potentialAction":[{"@type":"SearchAction","target":{"@type":"EntryPoint","urlTemplate":"https:\/\/www.dichecibo6magazine.it\/?s={search_term_string}"},"query-input":{"@type":"PropertyValueSpecification","valueRequired":true,"valueName":"search_term_string"}}],"inLanguage":"en-US"},{"@type":"Organization","@id":"https:\/\/www.dichecibo6magazine.it\/#organization","name":"Magazine Dichecibo6.it","url":"https:\/\/www.dichecibo6magazine.it\/","logo":{"@type":"ImageObject","inLanguage":"en-US","@id":"https:\/\/www.dichecibo6magazine.it\/#\/schema\/logo\/image\/","url":"https:\/\/www.dichecibo6magazine.it\/wp-content\/uploads\/2023\/03\/cropped-homepage-logo-su-piatto_OK.png","contentUrl":"https:\/\/www.dichecibo6magazine.it\/wp-content\/uploads\/2023\/03\/cropped-homepage-logo-su-piatto_OK.png","width":2362,"height":2362,"caption":"Magazine Dichecibo6.it"},"image":{"@id":"https:\/\/www.dichecibo6magazine.it\/#\/schema\/logo\/image\/"}},{"@type":"Person","@id":"https:\/\/www.dichecibo6magazine.it\/#\/schema\/person\/00d30f022894e11c2185ec614cb4761f","name":"Denata Ndreca","image":{"@type":"ImageObject","inLanguage":"en-US","@id":"https:\/\/www.dichecibo6magazine.it\/wp-content\/uploads\/2019\/09\/Denata-Ndreca_di_checibo6-100x100.jpg6801eb1009b6e038e879ec465aecc1c6","url":"https:\/\/www.dichecibo6magazine.it\/wp-content\/uploads\/2019\/09\/Denata-Ndreca_di_checibo6-100x100.jpg","contentUrl":"https:\/\/www.dichecibo6magazine.it\/wp-content\/uploads\/2019\/09\/Denata-Ndreca_di_checibo6-100x100.jpg","caption":"Denata Ndreca"},"url":"https:\/\/www.dichecibo6magazine.it\/en\/author\/denata-ndreca\/"}]}},"_links":{"self":[{"href":"https:\/\/www.dichecibo6magazine.it\/en\/wp-json\/wp\/v2\/posts\/732","targetHints":{"allow":["GET"]}}],"collection":[{"href":"https:\/\/www.dichecibo6magazine.it\/en\/wp-json\/wp\/v2\/posts"}],"about":[{"href":"https:\/\/www.dichecibo6magazine.it\/en\/wp-json\/wp\/v2\/types\/post"}],"author":[{"embeddable":true,"href":"https:\/\/www.dichecibo6magazine.it\/en\/wp-json\/wp\/v2\/users\/14"}],"replies":[{"embeddable":true,"href":"https:\/\/www.dichecibo6magazine.it\/en\/wp-json\/wp\/v2\/comments?post=732"}],"version-history":[{"count":7,"href":"https:\/\/www.dichecibo6magazine.it\/en\/wp-json\/wp\/v2\/posts\/732\/revisions"}],"predecessor-version":[{"id":911,"href":"https:\/\/www.dichecibo6magazine.it\/en\/wp-json\/wp\/v2\/posts\/732\/revisions\/911"}],"wp:featuredmedia":[{"embeddable":true,"href":"https:\/\/www.dichecibo6magazine.it\/en\/wp-json\/wp\/v2\/media\/574"}],"wp:attachment":[{"href":"https:\/\/www.dichecibo6magazine.it\/en\/wp-json\/wp\/v2\/media?parent=732"}],"wp:term":[{"taxonomy":"category","embeddable":true,"href":"https:\/\/www.dichecibo6magazine.it\/en\/wp-json\/wp\/v2\/categories?post=732"},{"taxonomy":"post_tag","embeddable":true,"href":"https:\/\/www.dichecibo6magazine.it\/en\/wp-json\/wp\/v2\/tags?post=732"},{"taxonomy":"author","embeddable":true,"href":"https:\/\/www.dichecibo6magazine.it\/en\/wp-json\/wp\/v2\/coauthors?post=732"}],"curies":[{"name":"wp","href":"https:\/\/api.w.org\/{rel}","templated":true}]}}